{"id":3125,"date":"2023-02-22T19:33:31","date_gmt":"2023-02-22T19:33:31","guid":{"rendered":"https:\/\/www.48inter.com\/?p=3125"},"modified":"2024-12-19T19:41:51","modified_gmt":"2024-12-19T19:41:51","slug":"48e-celebrates-its-25th-anniversary","status":"publish","type":"post","link":"https:\/\/www.48inter.com\/en\/2023\/02\/22\/48e-celebrates-its-25th-anniversary\/","title":{"rendered":"48e celebrates its 25th anniversary"},"content":{"rendered":"<h4 style=\"text-align: right;\">NEWS<\/h4>\n<p>&nbsp;<\/p>\n<p>Rouyn-Noranda, \u2013 The Board of Directors of 48e Nord International, accompanied by team members, is proud to launch the festivities marking the 25th anniversary of the founding of the organization.<\/p>\n<p>The letters patent of the Abitibi-T\u00e9miscamingue Export Promotion Office, 48th North International, were signed on February 24, 1998, by five entrepreneurs from the region: Ms. France Gagnon, Ms. Th\u00e9r\u00e8se Vaillancourt, Mr. Laurent B\u00e9rub\u00e9, Mr. Mario Barrette and Mr. Guillaume Marquis, several of whom were present this evening:<\/p>\n<blockquote><p><strong><em>&#8220;We must recognize the immense influence of the region over the past 25 years to promote its institutions and businesses and to market and export its services and products outside our borders.&#8221; <\/em>&#8211; Mr. Alain Thivierge, First Director General, and International Commissioner of 48e Nord International, 1998-2005.<\/strong><\/p><\/blockquote>\n<p>In exclusivity, a retrospective video from 1998-2023 was presented to the guests. The emotions were palpable during the viewing. Seeing again the influential figures of 48th North International, the five presidents of the boards of directors, explaining the purpose of the organization generated good memories among the guests. To watch the video, please click here.<\/p>\n<p>Under the sign of recognition, twelve special guests were greeted by the presentation of an honorary executive representing the 5 RCMs of Abitibi-T\u00e9miscamingue. Mr. Alain Thivierge testified to the extraordinary involvement of Mr. Guillaume Marquis, founding member, former Chairman, and Director for the past 25 years.<\/p>\n<p>Ms. Claude Thibault, Director General, and International Commissioner from 2010 to 2016, highlighted the 10 years of seniority of Mr. Olivier Bilodeau, Logistics and Research Support Advisor.<\/p>\n<p>48e Nord International has evolved with determination over the past 25 years:<\/p>\n<blockquote><p><strong><em>&#8220;You know, exports to Abitibi-T\u00e9miscamingue are taking their place and we are one of the regions with the highest growth rate in Quebec. It is therefore essential to support and pursue this development since marketing and exporting protect us from economic fluctuations. I would also like to remind you that 48e Nord International is here to support you in your market development efforts, said with aplomb, addressing entrepreneurs.&#8221;<\/em> &#8211; Mr. \u00c9ric Beaupr\u00e9, Executive Vice-President and Director of the Board of Directors of 48e Nord International, since 2015.<\/strong><\/p><\/blockquote>\n<p>This evening of celebrations, where the reunion was in the spotlight, ended on a most festive note. The 48e Nord International team would like to thank its regional, national, and international collaborators for their trust over the past few years.<\/p>\n<h6>*In this document, the terms used to refer to persons are taken in a generic sense; They have both feminine and masculine values.<\/h6>\n<p>&nbsp;<\/p>\n<h2>About 48e Nord International<\/h2>\n<p>48e Nord International is a dynamic and present team for companies wishing to lead their activities towards sustainable business development and thus achieve their objectives. Its services are aimed at companies established in the Abitibi-T\u00e9miscamingue territory and companies in the mining sector in Quebec.<\/p>\n<p>For any questions,<strong> <a href=\"https:\/\/www.48inter.com\/en\/contact\/\">contact us.<\/a><\/strong><\/p>\n","protected":false},"excerpt":{"rendered":"<p>The Board of Directors of 48e Nord International, accompanied by team members, is proud to launch the festivities marking the 25th anniversary of the founding of the organization.<\/p>\n","protected":false},"author":3,"featured_media":3118,"comment_status":"closed","ping_status":"open","sticky":false,"template":"","format":"standard","meta":{"_acf_changed":false,"footnotes":""},"categories":[25,12],"tags":[],"class_list":["post-3125","post","type-post","status-publish","format-standard","has-post-thumbnail","hentry","category-news","category-publications"],"acf":[],"yoast_head":"<!-- This site is optimized with the Yoast SEO plugin v26.7 - https:\/\/yoast.com\/wordpress\/plugins\/seo\/ -->\n<title>48e celebrates its 25th anniversary - 48e Nord International<\/title>\n<meta name=\"description\" content=\"The Board of Directors of 48e Nord International, accompanied by team members, is proud to launch the festivities marking the 25th anniversary of the founding of the organization.\" \/>\n<meta name=\"robots\" content=\"index, follow, max-snippet:-1, max-image-preview:large, max-video-preview:-1\" \/>\n<link rel=\"canonical\" href=\"https:\/\/www.48inter.com\/en\/2023\/02\/22\/48e-celebrates-its-25th-anniversary\/\" \/>\n<meta property=\"og:locale\" content=\"en_US\" \/>\n<meta property=\"og:type\" content=\"article\" \/>\n<meta property=\"og:title\" content=\"48e celebrates its 25th anniversary - 48e Nord International\" \/>\n<meta property=\"og:description\" content=\"The Board of Directors of 48e Nord International, accompanied by team members, is proud to launch the festivities marking the 25th anniversary of the founding of the organization.\" \/>\n<meta property=\"og:url\" content=\"https:\/\/www.48inter.com\/en\/2023\/02\/22\/48e-celebrates-its-25th-anniversary\/\" \/>\n<meta property=\"og:site_name\" content=\"48e Nord International\" \/>\n<meta property=\"article:publisher\" content=\"https:\/\/www.facebook.com\/48inter\" \/>\n<meta property=\"article:published_time\" content=\"2023-02-22T19:33:31+00:00\" \/>\n<meta property=\"article:modified_time\" content=\"2024-12-19T19:41:51+00:00\" \/>\n<meta property=\"og:image\" content=\"https:\/\/www.48inter.com\/wp-content\/uploads\/2021\/11\/48e-nord-gb-header.jpg\" \/>\n\t<meta property=\"og:image:width\" content=\"1920\" \/>\n\t<meta property=\"og:image:height\" content=\"1080\" \/>\n\t<meta property=\"og:image:type\" content=\"image\/jpeg\" \/>\n<meta name=\"author\" content=\"info@48inter.com\" \/>\n<meta name=\"twitter:card\" content=\"summary_large_image\" \/>\n<meta name=\"twitter:label1\" content=\"Written by\" \/>\n\t<meta name=\"twitter:data1\" content=\"info@48inter.com\" \/>\n\t<meta name=\"twitter:label2\" content=\"Est. reading time\" \/>\n\t<meta name=\"twitter:data2\" content=\"2 minutes\" \/>\n<script type=\"application\/ld+json\" class=\"yoast-schema-graph\">{\"@context\":\"https:\/\/schema.org\",\"@graph\":[{\"@type\":\"Article\",\"@id\":\"https:\/\/www.48inter.com\/en\/2023\/02\/22\/48e-celebrates-its-25th-anniversary\/#article\",\"isPartOf\":{\"@id\":\"https:\/\/www.48inter.com\/en\/2023\/02\/22\/48e-celebrates-its-25th-anniversary\/\"},\"author\":{\"name\":\"info@48inter.com\",\"@id\":\"https:\/\/www.48inter.com\/en\/#\/schema\/person\/0f664944adc147cc19dad2ddc18cd659\"},\"headline\":\"48e celebrates its 25th anniversary\",\"datePublished\":\"2023-02-22T19:33:31+00:00\",\"dateModified\":\"2024-12-19T19:41:51+00:00\",\"mainEntityOfPage\":{\"@id\":\"https:\/\/www.48inter.com\/en\/2023\/02\/22\/48e-celebrates-its-25th-anniversary\/\"},\"wordCount\":471,\"image\":{\"@id\":\"https:\/\/www.48inter.com\/en\/2023\/02\/22\/48e-celebrates-its-25th-anniversary\/#primaryimage\"},\"thumbnailUrl\":\"https:\/\/www.48inter.com\/wp-content\/uploads\/2022\/12\/Sans-titre.svg\",\"articleSection\":[\"News\",\"Publications\"],\"inLanguage\":\"en-US\"},{\"@type\":\"WebPage\",\"@id\":\"https:\/\/www.48inter.com\/en\/2023\/02\/22\/48e-celebrates-its-25th-anniversary\/\",\"url\":\"https:\/\/www.48inter.com\/en\/2023\/02\/22\/48e-celebrates-its-25th-anniversary\/\",\"name\":\"48e celebrates its 25th anniversary - 48e Nord International\",\"isPartOf\":{\"@id\":\"https:\/\/www.48inter.com\/en\/#website\"},\"primaryImageOfPage\":{\"@id\":\"https:\/\/www.48inter.com\/en\/2023\/02\/22\/48e-celebrates-its-25th-anniversary\/#primaryimage\"},\"image\":{\"@id\":\"https:\/\/www.48inter.com\/en\/2023\/02\/22\/48e-celebrates-its-25th-anniversary\/#primaryimage\"},\"thumbnailUrl\":\"https:\/\/www.48inter.com\/wp-content\/uploads\/2022\/12\/Sans-titre.svg\",\"datePublished\":\"2023-02-22T19:33:31+00:00\",\"dateModified\":\"2024-12-19T19:41:51+00:00\",\"author\":{\"@id\":\"https:\/\/www.48inter.com\/en\/#\/schema\/person\/0f664944adc147cc19dad2ddc18cd659\"},\"description\":\"The Board of Directors of 48e Nord International, accompanied by team members, is proud to launch the festivities marking the 25th anniversary of the founding of the organization.\",\"inLanguage\":\"en-US\",\"potentialAction\":[{\"@type\":\"ReadAction\",\"target\":[\"https:\/\/www.48inter.com\/en\/2023\/02\/22\/48e-celebrates-its-25th-anniversary\/\"]}]},{\"@type\":\"ImageObject\",\"inLanguage\":\"en-US\",\"@id\":\"https:\/\/www.48inter.com\/en\/2023\/02\/22\/48e-celebrates-its-25th-anniversary\/#primaryimage\",\"url\":\"https:\/\/www.48inter.com\/wp-content\/uploads\/2022\/12\/Sans-titre.svg\",\"contentUrl\":\"https:\/\/www.48inter.com\/wp-content\/uploads\/2022\/12\/Sans-titre.svg\",\"width\":1023,\"height\":510},{\"@type\":\"WebSite\",\"@id\":\"https:\/\/www.48inter.com\/en\/#website\",\"url\":\"https:\/\/www.48inter.com\/en\/\",\"name\":\"48e Nord International\",\"description\":\"Notre expertise est l\u00e0 pour vous accompagner.\",\"potentialAction\":[{\"@type\":\"SearchAction\",\"target\":{\"@type\":\"EntryPoint\",\"urlTemplate\":\"https:\/\/www.48inter.com\/en\/?s={search_term_string}\"},\"query-input\":{\"@type\":\"PropertyValueSpecification\",\"valueRequired\":true,\"valueName\":\"search_term_string\"}}],\"inLanguage\":\"en-US\"},{\"@type\":\"Person\",\"@id\":\"https:\/\/www.48inter.com\/en\/#\/schema\/person\/0f664944adc147cc19dad2ddc18cd659\",\"name\":\"info@48inter.com\",\"image\":{\"@type\":\"ImageObject\",\"inLanguage\":\"en-US\",\"@id\":\"https:\/\/www.48inter.com\/en\/#\/schema\/person\/image\/\",\"url\":\"https:\/\/secure.gravatar.com\/avatar\/401cb7bbd731e020534a2c0e01e47e0cd71dbeb166299f24ae2538d487ffbfd4?s=96&d=mm&r=g\",\"contentUrl\":\"https:\/\/secure.gravatar.com\/avatar\/401cb7bbd731e020534a2c0e01e47e0cd71dbeb166299f24ae2538d487ffbfd4?s=96&d=mm&r=g\",\"caption\":\"info@48inter.com\"},\"url\":\"https:\/\/www.48inter.com\/en\/author\/info48inter-com\/\"}]}<\/script>\n<!-- \/ Yoast SEO plugin. -->","yoast_head_json":{"title":"48e celebrates its 25th anniversary - 48e Nord International","description":"The Board of Directors of 48e Nord International, accompanied by team members, is proud to launch the festivities marking the 25th anniversary of the founding of the organization.","robots":{"index":"index","follow":"follow","max-snippet":"max-snippet:-1","max-image-preview":"max-image-preview:large","max-video-preview":"max-video-preview:-1"},"canonical":"https:\/\/www.48inter.com\/en\/2023\/02\/22\/48e-celebrates-its-25th-anniversary\/","og_locale":"en_US","og_type":"article","og_title":"48e celebrates its 25th anniversary - 48e Nord International","og_description":"The Board of Directors of 48e Nord International, accompanied by team members, is proud to launch the festivities marking the 25th anniversary of the founding of the organization.","og_url":"https:\/\/www.48inter.com\/en\/2023\/02\/22\/48e-celebrates-its-25th-anniversary\/","og_site_name":"48e Nord International","article_publisher":"https:\/\/www.facebook.com\/48inter","article_published_time":"2023-02-22T19:33:31+00:00","article_modified_time":"2024-12-19T19:41:51+00:00","og_image":[{"width":1920,"height":1080,"url":"https:\/\/www.48inter.com\/wp-content\/uploads\/2021\/11\/48e-nord-gb-header.jpg","type":"image\/jpeg"}],"author":"info@48inter.com","twitter_card":"summary_large_image","twitter_misc":{"Written by":"info@48inter.com","Est. reading time":"2 minutes"},"schema":{"@context":"https:\/\/schema.org","@graph":[{"@type":"Article","@id":"https:\/\/www.48inter.com\/en\/2023\/02\/22\/48e-celebrates-its-25th-anniversary\/#article","isPartOf":{"@id":"https:\/\/www.48inter.com\/en\/2023\/02\/22\/48e-celebrates-its-25th-anniversary\/"},"author":{"name":"info@48inter.com","@id":"https:\/\/www.48inter.com\/en\/#\/schema\/person\/0f664944adc147cc19dad2ddc18cd659"},"headline":"48e celebrates its 25th anniversary","datePublished":"2023-02-22T19:33:31+00:00","dateModified":"2024-12-19T19:41:51+00:00","mainEntityOfPage":{"@id":"https:\/\/www.48inter.com\/en\/2023\/02\/22\/48e-celebrates-its-25th-anniversary\/"},"wordCount":471,"image":{"@id":"https:\/\/www.48inter.com\/en\/2023\/02\/22\/48e-celebrates-its-25th-anniversary\/#primaryimage"},"thumbnailUrl":"https:\/\/www.48inter.com\/wp-content\/uploads\/2022\/12\/Sans-titre.svg","articleSection":["News","Publications"],"inLanguage":"en-US"},{"@type":"WebPage","@id":"https:\/\/www.48inter.com\/en\/2023\/02\/22\/48e-celebrates-its-25th-anniversary\/","url":"https:\/\/www.48inter.com\/en\/2023\/02\/22\/48e-celebrates-its-25th-anniversary\/","name":"48e celebrates its 25th anniversary - 48e Nord International","isPartOf":{"@id":"https:\/\/www.48inter.com\/en\/#website"},"primaryImageOfPage":{"@id":"https:\/\/www.48inter.com\/en\/2023\/02\/22\/48e-celebrates-its-25th-anniversary\/#primaryimage"},"image":{"@id":"https:\/\/www.48inter.com\/en\/2023\/02\/22\/48e-celebrates-its-25th-anniversary\/#primaryimage"},"thumbnailUrl":"https:\/\/www.48inter.com\/wp-content\/uploads\/2022\/12\/Sans-titre.svg","datePublished":"2023-02-22T19:33:31+00:00","dateModified":"2024-12-19T19:41:51+00:00","author":{"@id":"https:\/\/www.48inter.com\/en\/#\/schema\/person\/0f664944adc147cc19dad2ddc18cd659"},"description":"The Board of Directors of 48e Nord International, accompanied by team members, is proud to launch the festivities marking the 25th anniversary of the founding of the organization.","inLanguage":"en-US","potentialAction":[{"@type":"ReadAction","target":["https:\/\/www.48inter.com\/en\/2023\/02\/22\/48e-celebrates-its-25th-anniversary\/"]}]},{"@type":"ImageObject","inLanguage":"en-US","@id":"https:\/\/www.48inter.com\/en\/2023\/02\/22\/48e-celebrates-its-25th-anniversary\/#primaryimage","url":"https:\/\/www.48inter.com\/wp-content\/uploads\/2022\/12\/Sans-titre.svg","contentUrl":"https:\/\/www.48inter.com\/wp-content\/uploads\/2022\/12\/Sans-titre.svg","width":1023,"height":510},{"@type":"WebSite","@id":"https:\/\/www.48inter.com\/en\/#website","url":"https:\/\/www.48inter.com\/en\/","name":"48e Nord International","description":"Notre expertise est l\u00e0 pour vous accompagner.","potentialAction":[{"@type":"SearchAction","target":{"@type":"EntryPoint","urlTemplate":"https:\/\/www.48inter.com\/en\/?s={search_term_string}"},"query-input":{"@type":"PropertyValueSpecification","valueRequired":true,"valueName":"search_term_string"}}],"inLanguage":"en-US"},{"@type":"Person","@id":"https:\/\/www.48inter.com\/en\/#\/schema\/person\/0f664944adc147cc19dad2ddc18cd659","name":"info@48inter.com","image":{"@type":"ImageObject","inLanguage":"en-US","@id":"https:\/\/www.48inter.com\/en\/#\/schema\/person\/image\/","url":"https:\/\/secure.gravatar.com\/avatar\/401cb7bbd731e020534a2c0e01e47e0cd71dbeb166299f24ae2538d487ffbfd4?s=96&d=mm&r=g","contentUrl":"https:\/\/secure.gravatar.com\/avatar\/401cb7bbd731e020534a2c0e01e47e0cd71dbeb166299f24ae2538d487ffbfd4?s=96&d=mm&r=g","caption":"info@48inter.com"},"url":"https:\/\/www.48inter.com\/en\/author\/info48inter-com\/"}]}},"publishpress_future_workflow_manual_trigger":{"enabledWorkflows":[]},"_links":{"self":[{"href":"https:\/\/www.48inter.com\/en\/wp-json\/wp\/v2\/posts\/3125","targetHints":{"allow":["GET"]}}],"collection":[{"href":"https:\/\/www.48inter.com\/en\/wp-json\/wp\/v2\/posts"}],"about":[{"href":"https:\/\/www.48inter.com\/en\/wp-json\/wp\/v2\/types\/post"}],"author":[{"embeddable":true,"href":"https:\/\/www.48inter.com\/en\/wp-json\/wp\/v2\/users\/3"}],"replies":[{"embeddable":true,"href":"https:\/\/www.48inter.com\/en\/wp-json\/wp\/v2\/comments?post=3125"}],"version-history":[{"count":7,"href":"https:\/\/www.48inter.com\/en\/wp-json\/wp\/v2\/posts\/3125\/revisions"}],"predecessor-version":[{"id":4718,"href":"https:\/\/www.48inter.com\/en\/wp-json\/wp\/v2\/posts\/3125\/revisions\/4718"}],"wp:featuredmedia":[{"embeddable":true,"href":"https:\/\/www.48inter.com\/en\/wp-json\/wp\/v2\/media\/3118"}],"wp:attachment":[{"href":"https:\/\/www.48inter.com\/en\/wp-json\/wp\/v2\/media?parent=3125"}],"wp:term":[{"taxonomy":"category","embeddable":true,"href":"https:\/\/www.48inter.com\/en\/wp-json\/wp\/v2\/categories?post=3125"},{"taxonomy":"post_tag","embeddable":true,"href":"https:\/\/www.48inter.com\/en\/wp-json\/wp\/v2\/tags?post=3125"}],"curies":[{"name":"wp","href":"https:\/\/api.w.org\/{rel}","templated":true}]}}